{"id":1,"date":"2022-11-24T08:49:40","date_gmt":"2022-11-24T12:49:40","guid":{"rendered":"http:\/\/nuevo.mierteran.com\/?p=1"},"modified":"2024-11-18T05:34:49","modified_gmt":"2024-11-18T09:34:49","slug":"moda-deportiva-umbro-futbol","status":"publish","type":"post","link":"https:\/\/nuevo.mierteran.com\/index.php\/2022\/11\/24\/moda-deportiva-umbro-futbol\/","title":{"rendered":"UMBRO &#038; Rayo Vallecano"},"content":{"rendered":"\t\t<div data-elementor-type=\"wp-post\" data-elementor-id=\"1\" class=\"elementor elementor-1\" data-elementor-post-type=\"post\">\n\t\t\t\t\t\t<section class=\"elementor-section elementor-top-section elementor-element elementor-element-cc5572a elementor-section-boxed elementor-section-height-default elementor-section-height-default\" data-id=\"cc5572a\" data-element_type=\"section\">\n\t\t\t\t\t\t<div class=\"elementor-container elementor-column-gap-default\">\n\t\t\t\t\t<div class=\"elementor-column elementor-col-100 elementor-top-column elementor-element elementor-element-4810c297\" data-id=\"4810c297\" data-element_type=\"column\">\n\t\t\t<div class=\"elementor-widget-wrap elementor-element-populated\">\n\t\t\t\t\t\t<div class=\"elementor-element elementor-element-8121fe7 elementor-widget elementor-widget-heading\" data-id=\"8121fe7\" data-element_type=\"widget\" data-widget_type=\"heading.default\">\n\t\t\t\t<div class=\"elementor-widget-container\">\n\t\t\t\t\t<h2 class=\"elementor-heading-title elementor-size-default\">Fotograf\u00eda de moda deportiva en estudio<\/h2>\t\t\t\t<\/div>\n\t\t\t\t<\/div>\n\t\t\t\t<div class=\"elementor-element elementor-element-5367fa15 elementor-widget elementor-widget-text-editor\" data-id=\"5367fa15\" data-element_type=\"widget\" data-widget_type=\"text-editor.default\">\n\t\t\t\t<div class=\"elementor-widget-container\">\n\t\t\t\t\t\t\t\t\t<p><\/p>\n<p class=\"wp-block-paragraph\"><span style=\"color: var( --e-global-color-text ); font-family: var( --e-global-typography-text-font-family ), Sans-serif; font-size: var( --e-global-typography-text-font-size ); font-style: var( --e-global-typography-text-font-style ); font-weight: var( --e-global-typography-text-font-weight ); letter-spacing: var( --e-global-typography-text-letter-spacing ); text-transform: var( --e-global-typography-text-text-transform ); background-color: var( --e-global-color-c696dce );\">En esta nueva colaboraci\u00f3n con <\/span><em style=\"color: var( --e-global-color-text ); font-family: var( --e-global-typography-text-font-family ), Sans-serif; font-size: var( --e-global-typography-text-font-size ); font-weight: var( --e-global-typography-text-font-weight ); letter-spacing: var( --e-global-typography-text-letter-spacing ); text-transform: var( --e-global-typography-text-text-transform ); background-color: var( --e-global-color-c696dce );\">UMBRO<\/em><span style=\"color: var( --e-global-color-text ); font-family: var( --e-global-typography-text-font-family ), Sans-serif; font-size: var( --e-global-typography-text-font-size ); font-style: var( --e-global-typography-text-font-style ); font-weight: var( --e-global-typography-text-font-weight ); letter-spacing: var( --e-global-typography-text-letter-spacing ); text-transform: var( --e-global-typography-text-text-transform ); background-color: var( --e-global-color-c696dce );\">, capturamos la <\/span><span style=\"color: var( --e-global-color-text ); font-family: var( --e-global-typography-text-font-family ), Sans-serif; font-size: var( --e-global-typography-text-font-size ); font-style: var( --e-global-typography-text-font-style ); letter-spacing: var( --e-global-typography-text-letter-spacing ); text-transform: var( --e-global-typography-text-text-transform ); background-color: var( --e-global-color-c696dce );\"><b>colecci\u00f3n de f\u00fatbol 2024\/25<\/b><\/span><span style=\"color: var( --e-global-color-text ); font-family: var( --e-global-typography-text-font-family ), Sans-serif; font-size: var( --e-global-typography-text-font-size ); font-style: var( --e-global-typography-text-font-style ); font-weight: var( --e-global-typography-text-font-weight ); letter-spacing: var( --e-global-typography-text-letter-spacing ); text-transform: var( --e-global-typography-text-text-transform ); background-color: var( --e-global-color-c696dce );\"> del <\/span><em style=\"color: var( --e-global-color-text ); font-family: var( --e-global-typography-text-font-family ), Sans-serif; font-size: var( --e-global-typography-text-font-size ); font-weight: var( --e-global-typography-text-font-weight ); letter-spacing: var( --e-global-typography-text-letter-spacing ); text-transform: var( --e-global-typography-text-text-transform ); background-color: var( --e-global-color-c696dce );\">Rayo Vallecano<\/em><span style=\"color: var( --e-global-color-text ); font-family: var( --e-global-typography-text-font-family ), Sans-serif; font-size: var( --e-global-typography-text-font-size ); font-style: var( --e-global-typography-text-font-style ); font-weight: var( --e-global-typography-text-font-weight ); letter-spacing: var( --e-global-typography-text-letter-spacing ); text-transform: var( --e-global-typography-text-text-transform ); background-color: var( --e-global-color-c696dce );\"> en una <\/span><span style=\"color: var( --e-global-color-text ); font-family: var( --e-global-typography-text-font-family ), Sans-serif; font-size: var( --e-global-typography-text-font-size ); font-style: var( --e-global-typography-text-font-style ); letter-spacing: var( --e-global-typography-text-letter-spacing ); text-transform: var( --e-global-typography-text-text-transform ); background-color: var( --e-global-color-c696dce );\"><b>sesi\u00f3n en estudio<\/b><\/span><span style=\"color: var( --e-global-color-text ); font-family: var( --e-global-typography-text-font-family ), Sans-serif; font-size: var( --e-global-typography-text-font-size ); font-style: var( --e-global-typography-text-font-style ); font-weight: var( --e-global-typography-text-font-weight ); letter-spacing: var( --e-global-typography-text-letter-spacing ); text-transform: var( --e-global-typography-text-text-transform ); background-color: var( --e-global-color-c696dce );\"> dise\u00f1ada para resaltar cada detalle del dise\u00f1o y la identidad del equipo por motivo de su centenario. Esta sesi\u00f3n de <\/span><span style=\"color: var( --e-global-color-text ); font-family: var( --e-global-typography-text-font-family ), Sans-serif; font-size: var( --e-global-typography-text-font-size ); font-style: var( --e-global-typography-text-font-style ); letter-spacing: var( --e-global-typography-text-letter-spacing ); text-transform: var( --e-global-typography-text-text-transform ); background-color: var( --e-global-color-c696dce );\"><b>fotograf\u00eda de moda deportiva<\/b><\/span><span style=\"color: var( --e-global-color-text ); font-family: var( --e-global-typography-text-font-family ), Sans-serif; font-size: var( --e-global-typography-text-font-size ); font-style: var( --e-global-typography-text-font-style ); font-weight: var( --e-global-typography-text-font-weight ); letter-spacing: var( --e-global-typography-text-letter-spacing ); text-transform: var( --e-global-typography-text-text-transform ); background-color: var( --e-global-color-c696dce );\"> muestra la energ\u00eda y estilo de cada pieza, destacando la calidad visual y el car\u00e1cter de la colecci\u00f3n. Un trabajo de estudio profesional que combina creatividad y t\u00e9cnica para elevar la presencia visual de esta colaboraci\u00f3n deportiva.<\/span>\u00a0<\/p>\n<p><\/p>\t\t\t\t\t\t\t\t<\/div>\n\t\t\t\t<\/div>\n\t\t\t\t<div class=\"elementor-element elementor-element-cd27e19 elementor-widget elementor-widget-spacer\" data-id=\"cd27e19\" data-element_type=\"widget\" data-widget_type=\"spacer.default\">\n\t\t\t\t<div class=\"elementor-widget-container\">\n\t\t\t\t\t\t\t<div class=\"elementor-spacer\">\n\t\t\t<div class=\"elementor-spacer-inner\"><\/div>\n\t\t<\/div>\n\t\t\t\t\t\t<\/div>\n\t\t\t\t<\/div>\n\t\t\t\t\t<\/div>\n\t\t<\/div>\n\t\t\t\t\t<\/div>\n\t\t<\/section>\n\t\t\t\t<section class=\"elementor-section elementor-top-section elementor-element elementor-element-cbf6e09 elementor-section-full_width elementor-section-height-default elementor-section-height-default\" data-id=\"cbf6e09\" data-element_type=\"section\">\n\t\t\t\t\t\t<div class=\"elementor-container elementor-column-gap-default\">\n\t\t\t\t\t<div class=\"elementor-column elementor-col-50 elementor-top-column elementor-element elementor-element-66c77a2\" data-id=\"66c77a2\" data-element_type=\"column\">\n\t\t\t<div class=\"elementor-widget-wrap elementor-element-populated\">\n\t\t\t\t\t\t<div class=\"elementor-element elementor-element-233482b elementor-widget elementor-widget-image\" data-id=\"233482b\" data-element_type=\"widget\" data-widget_type=\"image.default\">\n\t\t\t\t<div class=\"elementor-widget-container\">\n\t\t\t\t\t\t\t\t\t\t\t\t\t\t\t<img fetchpriority=\"high\" decoding=\"async\" width=\"1707\" height=\"2560\" src=\"https:\/\/nuevo.mierteran.com\/wp-content\/uploads\/2022\/11\/240729_UMBRO_Teams24_@mierteran_08-scaled.jpg\" class=\"attachment-full size-full wp-image-266\" alt=\"Modelos con la nueva equipaci\u00f3n del club de futbol Rayo Vallecano de la firma UMBRO para la temporada 2024\/25\" srcset=\"https:\/\/nuevo.mierteran.com\/wp-content\/uploads\/2022\/11\/240729_UMBRO_Teams24_@mierteran_08-scaled.jpg 1707w, https:\/\/nuevo.mierteran.com\/wp-content\/uploads\/2022\/11\/240729_UMBRO_Teams24_@mierteran_08-200x300.jpg 200w, https:\/\/nuevo.mierteran.com\/wp-content\/uploads\/2022\/11\/240729_UMBRO_Teams24_@mierteran_08-683x1024.jpg 683w, https:\/\/nuevo.mierteran.com\/wp-content\/uploads\/2022\/11\/240729_UMBRO_Teams24_@mierteran_08-768x1151.jpg 768w, https:\/\/nuevo.mierteran.com\/wp-content\/uploads\/2022\/11\/240729_UMBRO_Teams24_@mierteran_08-1024x1536.jpg 1024w, https:\/\/nuevo.mierteran.com\/wp-content\/uploads\/2022\/11\/240729_UMBRO_Teams24_@mierteran_08-1366x2048.jpg 1366w\" sizes=\"(max-width: 1707px) 100vw, 1707px\" \/>\t\t\t\t\t\t\t\t\t\t\t\t\t\t\t<\/div>\n\t\t\t\t<\/div>\n\t\t\t\t\t<\/div>\n\t\t<\/div>\n\t\t\t\t<div class=\"elementor-column elementor-col-50 elementor-top-column elementor-element elementor-element-857a645\" data-id=\"857a645\" data-element_type=\"column\">\n\t\t\t<div class=\"elementor-widget-wrap elementor-element-populated\">\n\t\t\t\t\t\t<div class=\"elementor-element elementor-element-a2624a7 elementor-widget elementor-widget-image\" data-id=\"a2624a7\" data-element_type=\"widget\" data-widget_type=\"image.default\">\n\t\t\t\t<div class=\"elementor-widget-container\">\n\t\t\t\t\t\t\t\t\t\t\t\t\t\t\t<img decoding=\"async\" width=\"2560\" height=\"1707\" src=\"https:\/\/nuevo.mierteran.com\/wp-content\/uploads\/2022\/11\/240729_UMBRO_Teams24_@mierteran_01-scaled.jpg\" class=\"attachment-full size-full wp-image-258\" alt=\"Modelos con la nueva equipaci\u00f3n del club de futbol Rayo Vallecano de la firma UMBRO para la temporada 2024\/25\" srcset=\"https:\/\/nuevo.mierteran.com\/wp-content\/uploads\/2022\/11\/240729_UMBRO_Teams24_@mierteran_01-scaled.jpg 2560w, https:\/\/nuevo.mierteran.com\/wp-content\/uploads\/2022\/11\/240729_UMBRO_Teams24_@mierteran_01-300x200.jpg 300w, https:\/\/nuevo.mierteran.com\/wp-content\/uploads\/2022\/11\/240729_UMBRO_Teams24_@mierteran_01-1024x683.jpg 1024w, https:\/\/nuevo.mierteran.com\/wp-content\/uploads\/2022\/11\/240729_UMBRO_Teams24_@mierteran_01-768x512.jpg 768w, https:\/\/nuevo.mierteran.com\/wp-content\/uploads\/2022\/11\/240729_UMBRO_Teams24_@mierteran_01-1536x1024.jpg 1536w, https:\/\/nuevo.mierteran.com\/wp-content\/uploads\/2022\/11\/240729_UMBRO_Teams24_@mierteran_01-2048x1366.jpg 2048w\" sizes=\"(max-width: 2560px) 100vw, 2560px\" \/>\t\t\t\t\t\t\t\t\t\t\t\t\t\t\t<\/div>\n\t\t\t\t<\/div>\n\t\t\t\t\t<\/div>\n\t\t<\/div>\n\t\t\t\t\t<\/div>\n\t\t<\/section>\n\t\t\t\t<section class=\"elementor-section elementor-top-section elementor-element elementor-element-7eecdd1 elementor-section-full_width elementor-section-height-default elementor-section-height-default\" data-id=\"7eecdd1\" data-element_type=\"section\">\n\t\t\t\t\t\t<div class=\"elementor-container elementor-column-gap-default\">\n\t\t\t\t\t<div class=\"elementor-column elementor-col-100 elementor-top-column elementor-element elementor-element-dcba9b7\" data-id=\"dcba9b7\" data-element_type=\"column\">\n\t\t\t<div class=\"elementor-widget-wrap elementor-element-populated\">\n\t\t\t\t\t\t<div class=\"elementor-element elementor-element-c5454fa elementor-widget elementor-widget-image\" data-id=\"c5454fa\" data-element_type=\"widget\" data-widget_type=\"image.default\">\n\t\t\t\t<div class=\"elementor-widget-container\">\n\t\t\t\t\t\t\t\t\t\t\t\t\t\t\t<img decoding=\"async\" width=\"2560\" height=\"1707\" src=\"https:\/\/nuevo.mierteran.com\/wp-content\/uploads\/2022\/11\/240729_UMBRO_Teams24_@mierteran_12-scaled.jpg\" class=\"attachment-full size-full wp-image-271\" alt=\"Modelos con la nueva equipaci\u00f3n del club de futbol Rayo Vallecano de la firma UMBRO para la temporada 2024\/25\" srcset=\"https:\/\/nuevo.mierteran.com\/wp-content\/uploads\/2022\/11\/240729_UMBRO_Teams24_@mierteran_12-scaled.jpg 2560w, https:\/\/nuevo.mierteran.com\/wp-content\/uploads\/2022\/11\/240729_UMBRO_Teams24_@mierteran_12-300x200.jpg 300w, https:\/\/nuevo.mierteran.com\/wp-content\/uploads\/2022\/11\/240729_UMBRO_Teams24_@mierteran_12-1024x683.jpg 1024w, https:\/\/nuevo.mierteran.com\/wp-content\/uploads\/2022\/11\/240729_UMBRO_Teams24_@mierteran_12-768x512.jpg 768w, https:\/\/nuevo.mierteran.com\/wp-content\/uploads\/2022\/11\/240729_UMBRO_Teams24_@mierteran_12-1536x1024.jpg 1536w, https:\/\/nuevo.mierteran.com\/wp-content\/uploads\/2022\/11\/240729_UMBRO_Teams24_@mierteran_12-2048x1365.jpg 2048w\" sizes=\"(max-width: 2560px) 100vw, 2560px\" \/>\t\t\t\t\t\t\t\t\t\t\t\t\t\t\t<\/div>\n\t\t\t\t<\/div>\n\t\t\t\t\t<\/div>\n\t\t<\/div>\n\t\t\t\t\t<\/div>\n\t\t<\/section>\n\t\t\t\t<section class=\"elementor-section elementor-top-section elementor-element elementor-element-4b00765 elementor-section-full_width elementor-section-height-default elementor-section-height-default\" data-id=\"4b00765\" data-element_type=\"section\">\n\t\t\t\t\t\t<div class=\"elementor-container elementor-column-gap-default\">\n\t\t\t\t\t<div class=\"elementor-column elementor-col-33 elementor-top-column elementor-element elementor-element-289161f\" data-id=\"289161f\" data-element_type=\"column\">\n\t\t\t<div class=\"elementor-widget-wrap elementor-element-populated\">\n\t\t\t\t\t\t<div class=\"elementor-element elementor-element-b84bf9b elementor-widget elementor-widget-image\" data-id=\"b84bf9b\" data-element_type=\"widget\" data-widget_type=\"image.default\">\n\t\t\t\t<div class=\"elementor-widget-container\">\n\t\t\t\t\t\t\t\t\t\t\t\t\t\t\t<img loading=\"lazy\" decoding=\"async\" width=\"1707\" height=\"2560\" src=\"https:\/\/nuevo.mierteran.com\/wp-content\/uploads\/2022\/11\/240729_UMBRO_Teams24_@mierteran_13-scaled.jpg\" class=\"attachment-full size-full wp-image-272\" alt=\"Modelos con la nueva equipaci\u00f3n del club de futbol Rayo Vallecano de la firma UMBRO para la temporada 2024\/25\" srcset=\"https:\/\/nuevo.mierteran.com\/wp-content\/uploads\/2022\/11\/240729_UMBRO_Teams24_@mierteran_13-scaled.jpg 1707w, https:\/\/nuevo.mierteran.com\/wp-content\/uploads\/2022\/11\/240729_UMBRO_Teams24_@mierteran_13-200x300.jpg 200w, https:\/\/nuevo.mierteran.com\/wp-content\/uploads\/2022\/11\/240729_UMBRO_Teams24_@mierteran_13-683x1024.jpg 683w, https:\/\/nuevo.mierteran.com\/wp-content\/uploads\/2022\/11\/240729_UMBRO_Teams24_@mierteran_13-768x1152.jpg 768w, https:\/\/nuevo.mierteran.com\/wp-content\/uploads\/2022\/11\/240729_UMBRO_Teams24_@mierteran_13-1024x1536.jpg 1024w, https:\/\/nuevo.mierteran.com\/wp-content\/uploads\/2022\/11\/240729_UMBRO_Teams24_@mierteran_13-1365x2048.jpg 1365w\" sizes=\"(max-width: 1707px) 100vw, 1707px\" \/>\t\t\t\t\t\t\t\t\t\t\t\t\t\t\t<\/div>\n\t\t\t\t<\/div>\n\t\t\t\t\t<\/div>\n\t\t<\/div>\n\t\t\t\t<div class=\"elementor-column elementor-col-33 elementor-top-column elementor-element elementor-element-fdc5da7\" data-id=\"fdc5da7\" data-element_type=\"column\">\n\t\t\t<div class=\"elementor-widget-wrap elementor-element-populated\">\n\t\t\t\t\t\t<div class=\"elementor-element elementor-element-b13f734 elementor-widget elementor-widget-image\" data-id=\"b13f734\" data-element_type=\"widget\" data-widget_type=\"image.default\">\n\t\t\t\t<div class=\"elementor-widget-container\">\n\t\t\t\t\t\t\t\t\t\t\t\t\t\t\t<img loading=\"lazy\" decoding=\"async\" width=\"1536\" height=\"1920\" src=\"https:\/\/nuevo.mierteran.com\/wp-content\/uploads\/2022\/11\/240729_UMBRO_Teams24_@mierteran_12_web.jpg\" class=\"attachment-full size-full wp-image-270\" alt=\"Modelos con la nueva equipaci\u00f3n del club de futbol Rayo Vallecano de la firma UMBRO para la temporada 2024\/25\" srcset=\"https:\/\/nuevo.mierteran.com\/wp-content\/uploads\/2022\/11\/240729_UMBRO_Teams24_@mierteran_12_web.jpg 1536w, https:\/\/nuevo.mierteran.com\/wp-content\/uploads\/2022\/11\/240729_UMBRO_Teams24_@mierteran_12_web-240x300.jpg 240w, https:\/\/nuevo.mierteran.com\/wp-content\/uploads\/2022\/11\/240729_UMBRO_Teams24_@mierteran_12_web-819x1024.jpg 819w, https:\/\/nuevo.mierteran.com\/wp-content\/uploads\/2022\/11\/240729_UMBRO_Teams24_@mierteran_12_web-768x960.jpg 768w, https:\/\/nuevo.mierteran.com\/wp-content\/uploads\/2022\/11\/240729_UMBRO_Teams24_@mierteran_12_web-1229x1536.jpg 1229w\" sizes=\"(max-width: 1536px) 100vw, 1536px\" \/>\t\t\t\t\t\t\t\t\t\t\t\t\t\t\t<\/div>\n\t\t\t\t<\/div>\n\t\t\t\t\t<\/div>\n\t\t<\/div>\n\t\t\t\t<div class=\"elementor-column elementor-col-33 elementor-top-column elementor-element elementor-element-5edae38\" data-id=\"5edae38\" data-element_type=\"column\">\n\t\t\t<div class=\"elementor-widget-wrap elementor-element-populated\">\n\t\t\t\t\t\t<div class=\"elementor-element elementor-element-b4f82ef elementor-widget elementor-widget-image\" data-id=\"b4f82ef\" data-element_type=\"widget\" data-widget_type=\"image.default\">\n\t\t\t\t<div class=\"elementor-widget-container\">\n\t\t\t\t\t\t\t\t\t\t\t\t\t\t\t<img loading=\"lazy\" decoding=\"async\" width=\"1707\" height=\"2560\" src=\"https:\/\/nuevo.mierteran.com\/wp-content\/uploads\/2022\/11\/240729_UMBRO_Teams24_@mierteran_11-scaled.jpg\" class=\"attachment-full size-full wp-image-269\" alt=\"Modelos con la nueva equipaci\u00f3n del club de futbol Rayo Vallecano de la firma UMBRO para la temporada 2024\/25\" srcset=\"https:\/\/nuevo.mierteran.com\/wp-content\/uploads\/2022\/11\/240729_UMBRO_Teams24_@mierteran_11-scaled.jpg 1707w, https:\/\/nuevo.mierteran.com\/wp-content\/uploads\/2022\/11\/240729_UMBRO_Teams24_@mierteran_11-200x300.jpg 200w, https:\/\/nuevo.mierteran.com\/wp-content\/uploads\/2022\/11\/240729_UMBRO_Teams24_@mierteran_11-683x1024.jpg 683w, https:\/\/nuevo.mierteran.com\/wp-content\/uploads\/2022\/11\/240729_UMBRO_Teams24_@mierteran_11-768x1152.jpg 768w, https:\/\/nuevo.mierteran.com\/wp-content\/uploads\/2022\/11\/240729_UMBRO_Teams24_@mierteran_11-1024x1536.jpg 1024w, https:\/\/nuevo.mierteran.com\/wp-content\/uploads\/2022\/11\/240729_UMBRO_Teams24_@mierteran_11-1365x2048.jpg 1365w\" sizes=\"(max-width: 1707px) 100vw, 1707px\" \/>\t\t\t\t\t\t\t\t\t\t\t\t\t\t\t<\/div>\n\t\t\t\t<\/div>\n\t\t\t\t\t<\/div>\n\t\t<\/div>\n\t\t\t\t\t<\/div>\n\t\t<\/section>\n\t\t\t\t<section class=\"elementor-section elementor-top-section elementor-element elementor-element-88bbb5d elementor-section-full_width elementor-section-height-default elementor-section-height-default\" data-id=\"88bbb5d\" data-element_type=\"section\">\n\t\t\t\t\t\t<div class=\"elementor-container elementor-column-gap-default\">\n\t\t\t\t\t<div class=\"elementor-column elementor-col-50 elementor-top-column elementor-element elementor-element-8299c2f\" data-id=\"8299c2f\" data-element_type=\"column\">\n\t\t\t<div class=\"elementor-widget-wrap elementor-element-populated\">\n\t\t\t\t\t\t<div class=\"elementor-element elementor-element-06d4c40 elementor-widget elementor-widget-image\" data-id=\"06d4c40\" data-element_type=\"widget\" data-widget_type=\"image.default\">\n\t\t\t\t<div class=\"elementor-widget-container\">\n\t\t\t\t\t\t\t\t\t\t\t\t\t\t\t<img loading=\"lazy\" decoding=\"async\" width=\"2560\" height=\"1707\" src=\"https:\/\/nuevo.mierteran.com\/wp-content\/uploads\/2022\/11\/240729_UMBRO_Teams24_@mierteran_09-scaled.jpg\" class=\"attachment-full size-full wp-image-267\" alt=\"Modelos con la nueva equipaci\u00f3n del club de futbol Rayo Vallecano de la firma UMBRO para la temporada 2024\/25\" srcset=\"https:\/\/nuevo.mierteran.com\/wp-content\/uploads\/2022\/11\/240729_UMBRO_Teams24_@mierteran_09-scaled.jpg 2560w, https:\/\/nuevo.mierteran.com\/wp-content\/uploads\/2022\/11\/240729_UMBRO_Teams24_@mierteran_09-300x200.jpg 300w, https:\/\/nuevo.mierteran.com\/wp-content\/uploads\/2022\/11\/240729_UMBRO_Teams24_@mierteran_09-1024x683.jpg 1024w, https:\/\/nuevo.mierteran.com\/wp-content\/uploads\/2022\/11\/240729_UMBRO_Teams24_@mierteran_09-768x512.jpg 768w, https:\/\/nuevo.mierteran.com\/wp-content\/uploads\/2022\/11\/240729_UMBRO_Teams24_@mierteran_09-1536x1024.jpg 1536w, https:\/\/nuevo.mierteran.com\/wp-content\/uploads\/2022\/11\/240729_UMBRO_Teams24_@mierteran_09-2048x1366.jpg 2048w\" sizes=\"(max-width: 2560px) 100vw, 2560px\" \/>\t\t\t\t\t\t\t\t\t\t\t\t\t\t\t<\/div>\n\t\t\t\t<\/div>\n\t\t\t\t\t<\/div>\n\t\t<\/div>\n\t\t\t\t<div class=\"elementor-column elementor-col-50 elementor-top-column elementor-element elementor-element-0ddd155\" data-id=\"0ddd155\" data-element_type=\"column\">\n\t\t\t<div class=\"elementor-widget-wrap elementor-element-populated\">\n\t\t\t\t\t\t<div class=\"elementor-element elementor-element-73af6ce elementor-widget elementor-widget-image\" data-id=\"73af6ce\" data-element_type=\"widget\" data-widget_type=\"image.default\">\n\t\t\t\t<div class=\"elementor-widget-container\">\n\t\t\t\t\t\t\t\t\t\t\t\t\t\t\t<img loading=\"lazy\" decoding=\"async\" width=\"2560\" height=\"1707\" src=\"https:\/\/nuevo.mierteran.com\/wp-content\/uploads\/2022\/11\/240729_UMBRO_Teams24_@mierteran_24-scaled.jpg\" class=\"attachment-full size-full wp-image-283\" alt=\"Nueva camiseta de la firma UMBRO para el Rayo Vayecano colgada deuna percha sobre un stand de flas de fotograf\u00eda cromado con un fondo\" srcset=\"https:\/\/nuevo.mierteran.com\/wp-content\/uploads\/2022\/11\/240729_UMBRO_Teams24_@mierteran_24-scaled.jpg 2560w, https:\/\/nuevo.mierteran.com\/wp-content\/uploads\/2022\/11\/240729_UMBRO_Teams24_@mierteran_24-300x200.jpg 300w, https:\/\/nuevo.mierteran.com\/wp-content\/uploads\/2022\/11\/240729_UMBRO_Teams24_@mierteran_24-1024x683.jpg 1024w, https:\/\/nuevo.mierteran.com\/wp-content\/uploads\/2022\/11\/240729_UMBRO_Teams24_@mierteran_24-768x512.jpg 768w, https:\/\/nuevo.mierteran.com\/wp-content\/uploads\/2022\/11\/240729_UMBRO_Teams24_@mierteran_24-1536x1024.jpg 1536w, https:\/\/nuevo.mierteran.com\/wp-content\/uploads\/2022\/11\/240729_UMBRO_Teams24_@mierteran_24-2048x1365.jpg 2048w\" sizes=\"(max-width: 2560px) 100vw, 2560px\" \/>\t\t\t\t\t\t\t\t\t\t\t\t\t\t\t<\/div>\n\t\t\t\t<\/div>\n\t\t\t\t\t<\/div>\n\t\t<\/div>\n\t\t\t\t\t<\/div>\n\t\t<\/section>\n\t\t\t\t<section class=\"elementor-section elementor-top-section elementor-element elementor-element-bce93ab elementor-section-full_width elementor-section-height-default elementor-section-height-default\" data-id=\"bce93ab\" data-element_type=\"section\">\n\t\t\t\t\t\t<div class=\"elementor-container elementor-column-gap-default\">\n\t\t\t\t\t<div class=\"elementor-column elementor-col-50 elementor-top-column elementor-element elementor-element-243cf69\" data-id=\"243cf69\" data-element_type=\"column\">\n\t\t\t<div class=\"elementor-widget-wrap elementor-element-populated\">\n\t\t\t\t\t\t<div class=\"elementor-element elementor-element-6dc55af elementor-widget elementor-widget-image\" data-id=\"6dc55af\" data-element_type=\"widget\" data-widget_type=\"image.default\">\n\t\t\t\t<div class=\"elementor-widget-container\">\n\t\t\t\t\t\t\t\t\t\t\t\t\t\t\t<img loading=\"lazy\" decoding=\"async\" width=\"1707\" height=\"2560\" src=\"https:\/\/nuevo.mierteran.com\/wp-content\/uploads\/2022\/11\/240729_UMBRO_Teams24_@mierteran_19-scaled.jpg\" class=\"attachment-full size-full wp-image-278\" alt=\"Modelos con la nueva equipaci\u00f3n del club de futbol Rayo Vallecano de la firma UMBRO para la temporada 2024\/25\" srcset=\"https:\/\/nuevo.mierteran.com\/wp-content\/uploads\/2022\/11\/240729_UMBRO_Teams24_@mierteran_19-scaled.jpg 1707w, https:\/\/nuevo.mierteran.com\/wp-content\/uploads\/2022\/11\/240729_UMBRO_Teams24_@mierteran_19-200x300.jpg 200w, https:\/\/nuevo.mierteran.com\/wp-content\/uploads\/2022\/11\/240729_UMBRO_Teams24_@mierteran_19-683x1024.jpg 683w, https:\/\/nuevo.mierteran.com\/wp-content\/uploads\/2022\/11\/240729_UMBRO_Teams24_@mierteran_19-768x1152.jpg 768w, https:\/\/nuevo.mierteran.com\/wp-content\/uploads\/2022\/11\/240729_UMBRO_Teams24_@mierteran_19-1024x1536.jpg 1024w, https:\/\/nuevo.mierteran.com\/wp-content\/uploads\/2022\/11\/240729_UMBRO_Teams24_@mierteran_19-1365x2048.jpg 1365w\" sizes=\"(max-width: 1707px) 100vw, 1707px\" \/>\t\t\t\t\t\t\t\t\t\t\t\t\t\t\t<\/div>\n\t\t\t\t<\/div>\n\t\t\t\t\t<\/div>\n\t\t<\/div>\n\t\t\t\t<div class=\"elementor-column elementor-col-50 elementor-top-column elementor-element elementor-element-5294707\" data-id=\"5294707\" data-element_type=\"column\">\n\t\t\t<div class=\"elementor-widget-wrap elementor-element-populated\">\n\t\t\t\t\t\t<div class=\"elementor-element elementor-element-e3637e4 elementor-widget elementor-widget-image\" data-id=\"e3637e4\" data-element_type=\"widget\" data-widget_type=\"image.default\">\n\t\t\t\t<div class=\"elementor-widget-container\">\n\t\t\t\t\t\t\t\t\t\t\t\t\t\t\t<img loading=\"lazy\" decoding=\"async\" width=\"2560\" height=\"1707\" src=\"https:\/\/nuevo.mierteran.com\/wp-content\/uploads\/2022\/11\/240729_UMBRO_Teams24_@mierteran_16-scaled.jpg\" class=\"attachment-full size-full wp-image-275\" alt=\"\" srcset=\"https:\/\/nuevo.mierteran.com\/wp-content\/uploads\/2022\/11\/240729_UMBRO_Teams24_@mierteran_16-scaled.jpg 2560w, https:\/\/nuevo.mierteran.com\/wp-content\/uploads\/2022\/11\/240729_UMBRO_Teams24_@mierteran_16-300x200.jpg 300w, https:\/\/nuevo.mierteran.com\/wp-content\/uploads\/2022\/11\/240729_UMBRO_Teams24_@mierteran_16-1024x683.jpg 1024w, https:\/\/nuevo.mierteran.com\/wp-content\/uploads\/2022\/11\/240729_UMBRO_Teams24_@mierteran_16-768x512.jpg 768w, https:\/\/nuevo.mierteran.com\/wp-content\/uploads\/2022\/11\/240729_UMBRO_Teams24_@mierteran_16-1536x1024.jpg 1536w, https:\/\/nuevo.mierteran.com\/wp-content\/uploads\/2022\/11\/240729_UMBRO_Teams24_@mierteran_16-2048x1365.jpg 2048w\" sizes=\"(max-width: 2560px) 100vw, 2560px\" \/>\t\t\t\t\t\t\t\t\t\t\t\t\t\t\t<\/div>\n\t\t\t\t<\/div>\n\t\t\t\t\t<\/div>\n\t\t<\/div>\n\t\t\t\t\t<\/div>\n\t\t<\/section>\n\t\t\t\t<section class=\"elementor-section elementor-top-section elementor-element elementor-element-46bd75a elementor-section-full_width elementor-section-height-default elementor-section-height-default\" data-id=\"46bd75a\" data-element_type=\"section\">\n\t\t\t\t\t\t<div class=\"elementor-container elementor-column-gap-default\">\n\t\t\t\t\t<div class=\"elementor-column elementor-col-100 elementor-top-column elementor-element elementor-element-8aaf5b3\" data-id=\"8aaf5b3\" data-element_type=\"column\">\n\t\t\t<div class=\"elementor-widget-wrap elementor-element-populated\">\n\t\t\t\t\t\t<div class=\"elementor-element elementor-element-441d8c2 elementor-widget elementor-widget-image\" data-id=\"441d8c2\" data-element_type=\"widget\" data-widget_type=\"image.default\">\n\t\t\t\t<div class=\"elementor-widget-container\">\n\t\t\t\t\t\t\t\t\t\t\t\t\t\t\t<img loading=\"lazy\" decoding=\"async\" width=\"2560\" height=\"1707\" src=\"https:\/\/nuevo.mierteran.com\/wp-content\/uploads\/2022\/11\/240729_UMBRO_Teams24_@mierteran_15-scaled.jpg\" class=\"attachment-full size-full wp-image-274\" alt=\"Modelos con la nueva equipaci\u00f3n del club de futbol Rayo Vallecano de la firma UMBRO para la temporada 2024\/25\" srcset=\"https:\/\/nuevo.mierteran.com\/wp-content\/uploads\/2022\/11\/240729_UMBRO_Teams24_@mierteran_15-scaled.jpg 2560w, https:\/\/nuevo.mierteran.com\/wp-content\/uploads\/2022\/11\/240729_UMBRO_Teams24_@mierteran_15-300x200.jpg 300w, https:\/\/nuevo.mierteran.com\/wp-content\/uploads\/2022\/11\/240729_UMBRO_Teams24_@mierteran_15-1024x683.jpg 1024w, https:\/\/nuevo.mierteran.com\/wp-content\/uploads\/2022\/11\/240729_UMBRO_Teams24_@mierteran_15-768x512.jpg 768w, https:\/\/nuevo.mierteran.com\/wp-content\/uploads\/2022\/11\/240729_UMBRO_Teams24_@mierteran_15-1536x1024.jpg 1536w, https:\/\/nuevo.mierteran.com\/wp-content\/uploads\/2022\/11\/240729_UMBRO_Teams24_@mierteran_15-2048x1365.jpg 2048w\" sizes=\"(max-width: 2560px) 100vw, 2560px\" \/>\t\t\t\t\t\t\t\t\t\t\t\t\t\t\t<\/div>\n\t\t\t\t<\/div>\n\t\t\t\t\t<\/div>\n\t\t<\/div>\n\t\t\t\t\t<\/div>\n\t\t<\/section>\n\t\t\t\t<section class=\"elementor-section elementor-top-section elementor-element elementor-element-f51c929 elementor-section-full_width elementor-section-height-default elementor-section-height-default\" data-id=\"f51c929\" data-element_type=\"section\">\n\t\t\t\t\t\t<div class=\"elementor-container elementor-column-gap-default\">\n\t\t\t\t\t<div class=\"elementor-column elementor-col-33 elementor-top-column elementor-element elementor-element-c5635e4\" data-id=\"c5635e4\" data-element_type=\"column\">\n\t\t\t<div class=\"elementor-widget-wrap elementor-element-populated\">\n\t\t\t\t\t\t<div class=\"elementor-element elementor-element-c4518ee elementor-widget elementor-widget-image\" data-id=\"c4518ee\" data-element_type=\"widget\" data-widget_type=\"image.default\">\n\t\t\t\t<div class=\"elementor-widget-container\">\n\t\t\t\t\t\t\t\t\t\t\t\t\t\t\t<img loading=\"lazy\" decoding=\"async\" width=\"2560\" height=\"1707\" src=\"https:\/\/nuevo.mierteran.com\/wp-content\/uploads\/2022\/11\/240729_UMBRO_Teams24_@mierteran_26-scaled.jpg\" class=\"attachment-full size-full wp-image-285\" alt=\"Nueva camiseta de la firma UMBRO para el Rayo Vayecano colgada deuna percha sobre un stand de flas de fotograf\u00eda cromado con un fondo\" srcset=\"https:\/\/nuevo.mierteran.com\/wp-content\/uploads\/2022\/11\/240729_UMBRO_Teams24_@mierteran_26-scaled.jpg 2560w, https:\/\/nuevo.mierteran.com\/wp-content\/uploads\/2022\/11\/240729_UMBRO_Teams24_@mierteran_26-300x200.jpg 300w, https:\/\/nuevo.mierteran.com\/wp-content\/uploads\/2022\/11\/240729_UMBRO_Teams24_@mierteran_26-1024x683.jpg 1024w, https:\/\/nuevo.mierteran.com\/wp-content\/uploads\/2022\/11\/240729_UMBRO_Teams24_@mierteran_26-768x512.jpg 768w, https:\/\/nuevo.mierteran.com\/wp-content\/uploads\/2022\/11\/240729_UMBRO_Teams24_@mierteran_26-1536x1024.jpg 1536w, https:\/\/nuevo.mierteran.com\/wp-content\/uploads\/2022\/11\/240729_UMBRO_Teams24_@mierteran_26-2048x1365.jpg 2048w\" sizes=\"(max-width: 2560px) 100vw, 2560px\" \/>\t\t\t\t\t\t\t\t\t\t\t\t\t\t\t<\/div>\n\t\t\t\t<\/div>\n\t\t\t\t\t<\/div>\n\t\t<\/div>\n\t\t\t\t<div class=\"elementor-column elementor-col-33 elementor-top-column elementor-element elementor-element-805faa2\" data-id=\"805faa2\" data-element_type=\"column\">\n\t\t\t<div class=\"elementor-widget-wrap elementor-element-populated\">\n\t\t\t\t\t\t<div class=\"elementor-element elementor-element-f3b3666 elementor-widget elementor-widget-image\" data-id=\"f3b3666\" data-element_type=\"widget\" data-widget_type=\"image.default\">\n\t\t\t\t<div class=\"elementor-widget-container\">\n\t\t\t\t\t\t\t\t\t\t\t\t\t\t\t<img loading=\"lazy\" decoding=\"async\" width=\"2560\" height=\"1707\" src=\"https:\/\/nuevo.mierteran.com\/wp-content\/uploads\/2022\/11\/240729_UMBRO_Teams24_@mierteran_27-scaled.jpg\" class=\"attachment-full size-full wp-image-286\" alt=\"Nueva camiseta de la firma UMBRO para el Rayo Vayecano colgada deuna percha sobre un stand de flas de fotograf\u00eda cromado con un fondo proyectado con logotipos de la marca\" srcset=\"https:\/\/nuevo.mierteran.com\/wp-content\/uploads\/2022\/11\/240729_UMBRO_Teams24_@mierteran_27-scaled.jpg 2560w, https:\/\/nuevo.mierteran.com\/wp-content\/uploads\/2022\/11\/240729_UMBRO_Teams24_@mierteran_27-300x200.jpg 300w, https:\/\/nuevo.mierteran.com\/wp-content\/uploads\/2022\/11\/240729_UMBRO_Teams24_@mierteran_27-1024x683.jpg 1024w, https:\/\/nuevo.mierteran.com\/wp-content\/uploads\/2022\/11\/240729_UMBRO_Teams24_@mierteran_27-768x512.jpg 768w, https:\/\/nuevo.mierteran.com\/wp-content\/uploads\/2022\/11\/240729_UMBRO_Teams24_@mierteran_27-1536x1024.jpg 1536w, https:\/\/nuevo.mierteran.com\/wp-content\/uploads\/2022\/11\/240729_UMBRO_Teams24_@mierteran_27-2048x1365.jpg 2048w\" sizes=\"(max-width: 2560px) 100vw, 2560px\" \/>\t\t\t\t\t\t\t\t\t\t\t\t\t\t\t<\/div>\n\t\t\t\t<\/div>\n\t\t\t\t\t<\/div>\n\t\t<\/div>\n\t\t\t\t<div class=\"elementor-column elementor-col-33 elementor-top-column elementor-element elementor-element-e437f70\" data-id=\"e437f70\" data-element_type=\"column\">\n\t\t\t<div class=\"elementor-widget-wrap elementor-element-populated\">\n\t\t\t\t\t\t<div class=\"elementor-element elementor-element-08c988b elementor-widget elementor-widget-image\" data-id=\"08c988b\" data-element_type=\"widget\" data-widget_type=\"image.default\">\n\t\t\t\t<div class=\"elementor-widget-container\">\n\t\t\t\t\t\t\t\t\t\t\t\t\t\t\t<img loading=\"lazy\" decoding=\"async\" width=\"2560\" height=\"1707\" src=\"https:\/\/nuevo.mierteran.com\/wp-content\/uploads\/2022\/11\/240729_UMBRO_Teams24_@mierteran_25-scaled.jpg\" class=\"attachment-full size-full wp-image-284\" alt=\"Nueva camiseta de la firma UMBRO para el Rayo Vayecano colgada deuna percha sobre un stand de flas de fotograf\u00eda cromado con un fondo\" srcset=\"https:\/\/nuevo.mierteran.com\/wp-content\/uploads\/2022\/11\/240729_UMBRO_Teams24_@mierteran_25-scaled.jpg 2560w, https:\/\/nuevo.mierteran.com\/wp-content\/uploads\/2022\/11\/240729_UMBRO_Teams24_@mierteran_25-300x200.jpg 300w, https:\/\/nuevo.mierteran.com\/wp-content\/uploads\/2022\/11\/240729_UMBRO_Teams24_@mierteran_25-1024x683.jpg 1024w, https:\/\/nuevo.mierteran.com\/wp-content\/uploads\/2022\/11\/240729_UMBRO_Teams24_@mierteran_25-768x512.jpg 768w, https:\/\/nuevo.mierteran.com\/wp-content\/uploads\/2022\/11\/240729_UMBRO_Teams24_@mierteran_25-1536x1024.jpg 1536w, https:\/\/nuevo.mierteran.com\/wp-content\/uploads\/2022\/11\/240729_UMBRO_Teams24_@mierteran_25-2048x1365.jpg 2048w\" sizes=\"(max-width: 2560px) 100vw, 2560px\" \/>\t\t\t\t\t\t\t\t\t\t\t\t\t\t\t<\/div>\n\t\t\t\t<\/div>\n\t\t\t\t\t<\/div>\n\t\t<\/div>\n\t\t\t\t\t<\/div>\n\t\t<\/section>\n\t\t\t\t<\/div>\n\t\t","protected":false},"excerpt":{"rendered":"<p>Fotograf\u00eda de moda deportiva en estudio En esta nueva colaboraci\u00f3n con UMBRO, capturamos la colecci\u00f3n de f\u00fatbol 2024\/25 del Rayo Vallecano en una sesi\u00f3n en estudio dise\u00f1ada para resaltar cada detalle del dise\u00f1o y la identidad del equipo por motivo de su centenario. Esta sesi\u00f3n de fotograf\u00eda de moda deportiva muestra la energ\u00eda y estilo [&hellip;]<\/p>\n","protected":false},"author":1,"featured_media":270,"comment_status":"closed","ping_status":"open","sticky":false,"template":"","format":"standard","meta":{"footnotes":""},"categories":[1,8],"tags":[],"class_list":["post-1","post","type-post","status-publish","format-standard","has-post-thumbnail","hentry","category-comercial","category-fotografia"],"_links":{"self":[{"href":"https:\/\/nuevo.mierteran.com\/index.php\/wp-json\/wp\/v2\/posts\/1","targetHints":{"allow":["GET"]}}],"collection":[{"href":"https:\/\/nuevo.mierteran.com\/index.php\/wp-json\/wp\/v2\/posts"}],"about":[{"href":"https:\/\/nuevo.mierteran.com\/index.php\/wp-json\/wp\/v2\/types\/post"}],"author":[{"embeddable":true,"href":"https:\/\/nuevo.mierteran.com\/index.php\/wp-json\/wp\/v2\/users\/1"}],"replies":[{"embeddable":true,"href":"https:\/\/nuevo.mierteran.com\/index.php\/wp-json\/wp\/v2\/comments?post=1"}],"version-history":[{"count":9,"href":"https:\/\/nuevo.mierteran.com\/index.php\/wp-json\/wp\/v2\/posts\/1\/revisions"}],"predecessor-version":[{"id":427,"href":"https:\/\/nuevo.mierteran.com\/index.php\/wp-json\/wp\/v2\/posts\/1\/revisions\/427"}],"wp:featuredmedia":[{"embeddable":true,"href":"https:\/\/nuevo.mierteran.com\/index.php\/wp-json\/wp\/v2\/media\/270"}],"wp:attachment":[{"href":"https:\/\/nuevo.mierteran.com\/index.php\/wp-json\/wp\/v2\/media?parent=1"}],"wp:term":[{"taxonomy":"category","embeddable":true,"href":"https:\/\/nuevo.mierteran.com\/index.php\/wp-json\/wp\/v2\/categories?post=1"},{"taxonomy":"post_tag","embeddable":true,"href":"https:\/\/nuevo.mierteran.com\/index.php\/wp-json\/wp\/v2\/tags?post=1"}],"curies":[{"name":"wp","href":"https:\/\/api.w.org\/{rel}","templated":true}]}}